{"id":1804,"date":"2025-06-08T12:00:00","date_gmt":"2025-06-08T10:00:00","guid":{"rendered":"https:\/\/www.countrylife.at\/gesundheitszentrum\/?p=1804"},"modified":"2025-06-23T20:27:54","modified_gmt":"2025-06-23T18:27:54","slug":"wie-der-geist-den-koerper-krank-macht","status":"publish","type":"post","link":"https:\/\/www.countrylife.at\/gesundheitszentrum\/wie-der-geist-den-koerper-krank-macht\/","title":{"rendered":"Wie der Geist den K\u00f6rper krank macht!"},"content":{"rendered":"\n<p>Heute m\u00f6chte ich \u00fcber die Tatsache sprechen, dass K\u00f6rper und Geist bei Gesundheit oder Krankheit immer zusammenarbeiten. K\u00f6rper und Gehirn arbeiten immer zusammen, wenn es darum geht, krank oder gesund zu werden. Eine Krankheit, die psychosomatisch genannt wird, ist eine Krankheit, die sich im K\u00f6rper manifestiert, die aber ihren Ursprung im Verstand hat oder an der emotionale Faktoren beteiligt sind. Es handelt sich um eine Krankheit, die durch psychische Faktoren wie pers\u00f6nliche Konflikte, Stress und Beziehungsprobleme verursacht oder verschlimmert wird.<\/p>\n\n\n\n<figure class=\"wp-block-image\"><img decoding=\"async\" src=\"https:\/\/www.rundumgesund.org\/wp-content\/uploads\/sites\/6\/2025\/06\/Geist-Koerper-Krank.jpg\" alt=\"Wie der Geist den K\u00f6rper krank macht!\" class=\"wp-image-4885\"\/><\/figure>\n\n\n\n<p>Es ist, als ob der Geist zum K\u00f6rper sagt: \u201eOh, ich kann mit diesen mentalen Konflikten nicht umgehen, ich kann nicht daran denken, es schmerzt zu sehr, hilf mir, K\u00f6rper.\u201c Es ist, als w\u00fcrde der K\u00f6rper sagen: \u201eOK, ich helfe dir.\u201c Im K\u00f6rper treten dann Symptome auf, die von Konflikten in deinem Leben stammen. Der Geist beginnt, Abwehrmechanismen einzusetzen, die das Bewusstsein f\u00fcr die Konflikte aus dem Wahrnehmungsfeld heraushalten. Je schwieriger es f\u00fcr die Person ist, \u00fcber ihren emotionalen Schmerz, die Konflikte in ihrem vergangenen oder gegenw\u00e4rtigen Leben oder \u00fcber beides nachzudenken, desto mehr leidet der K\u00f6rper und desto mehr wird die Wahrheit der Ursache im Physischen begraben und entzieht sich dem Bewusstsein. Krankheit und Gesundheit h\u00e4ngen von einer Wechselwirkung zwischen dem bio-psychisch-sozialen und dem spirituellen Bereich ab.<\/p>\n\n\n\n<p>Du kannst ein kompliziertes soziales Problem haben, das sich auf deine k\u00f6rperliche Gesundheit auswirkt, was wiederum Auswirkungen auf deine geistige Gesundheit und dein Seelenleben hat und umgekehrt. Du k\u00f6nntest einen zwischenmenschlichen Konflikt haben, einen Konflikt mit jemandem, der schwer oder gar nicht zu l\u00f6sen ist, der sich auch auf deine Immunit\u00e4t und deine Hormone auswirkt und eine psychosomatische Krankheit verursacht. Eigentlich sind alle Krankheiten psychosomatisch, weil das Gehirn und der K\u00f6rper zusammenarbeiten. Aber du fragst dich vielleicht: \u201eUnd was ist mit Infektionskrankheiten? Es sind doch Mikroorganismen, die eine Krankheit, eine Infektion verursachen, oder? Eine Infektionskrankheit!\u201c<\/p>\n\n\n\n<p>Epidemiologische Studien zeigen, dass es nur einen Zusammenhang zwischen dem Vorhandensein eines Virus oder einer Bakterie im K\u00f6rper des Patienten und dem Auftreten einer bestimmten Krankheit gibt, aber dieser Zusammenhang bedeutet nicht zwangsweise, dass ein bestimmtes Virus oder eine bestimmte Bakterie in diesem K\u00f6rper als isolierter Erreger die Ursache f\u00fcr diese Infektion ist. Denken wir an die F\u00e4lle, in denen das Vorkommen des so genannten Infektionserregers die Krankheit nicht ausl\u00f6st. Zum Beispiel entwickelt nicht jeder, der mit H. pylori infiziert ist, ein Magengeschw\u00fcr; nicht jeder, der mit dem Koch-Bazillus infiziert ist, entwickelt eine Tuberkulose; und nicht jeder, der sich mit dem neuen Coronavirus infiziert hat, wird Komplikationen durch Covid-19 bekommen.<\/p>\n\n\n\n<p>Die Verfasserin von B\u00fcchern \u00fcber Gesundheit und diversen anderen Themen, Ellen White, schrieb das Folgende:<\/p>\n\n\n\n<blockquote class=\"wp-block-quote is-layout-flow wp-block-quote-is-layout-flow\">\n<p>Es ist die Pflicht eines jeden Menschen, sich auf die fr\u00f6hlichen Seiten seines Lebens zu konzentrieren, anstatt st\u00e4ndig \u00fcber Sorgen und Schwierigkeiten zu gr\u00fcbeln. Viele machen sich auf diese Weise selbst ungl\u00fccklich, aber nicht nur das, sondern sie sch\u00e4digen durch ihre negative Denkweise auch ihre Gesundheit. Wenn es in ihrer Umgebung Dinge gibt, die ihnen nicht gefallen, zeigen sie dies durch ihre andauernd unfreundliche Miene deutlicher, als wenn sie es aussprechen w\u00fcrden. Diese depressiven Gef\u00fchle sind sehr ungesund f\u00fcr sie, denn sie wirken sich st\u00f6rend auf die Verdauung aus, und es klappt nicht mehr mit der Ern\u00e4hrung.<a><sup>1)<\/sup><\/a><\/p>\n<\/blockquote>\n\n\n\n<p>Schau dir also an, wie der Geist mit dem K\u00f6rper zusammenarbeitet. Die \u00c4rzte Jos\u00e9 Neto und Renato Luiz Marquet, beide von der Universit\u00e4t von S\u00e3o Paulo (USP), sagen, dass etwa 60 bis 80% der Bev\u00f6lkerung im Laufe einer Woche irgendeine Art von k\u00f6rperlichen Beschwerden haben, ohne \u00e4rztliche Hilfe in Anspruch zu nehmen. Wenn ein Patient wegen eines k\u00f6rperlichen Symptoms zum Arzt geht, wird in 20 bis 84% der F\u00e4lle keine organische Ursache f\u00fcr seine Beschwerden gefunden. Interessant, nicht wahr?<\/p>\n\n\n\n<figure class=\"wp-block-image\"><img decoding=\"async\" src=\"http:\/\/www.saudeplena.org\/wp-content\/uploads\/sites\/2\/2025\/01\/doctor-exam-720x480.jpg\" alt=\"Ein Arzt untersucht die Lunge eines Patienten\" class=\"wp-image-1000018174\"\/><\/figure>\n\n\n\n<p>Interessant ist auch, dass die Ergebnisse eines Professors der Harvard University, Dr. Herbert Benson, einem klinischen Arzt, \u00e4hnliche Raten aufweisen. Er sagt, dass zwischen 60 und 90 Prozent der Patienten, die zu \u00c4rzten in Ambulanzen kommen, ihre Krankheiten auf k\u00f6rperlichen und geistigen Stress zur\u00fcckf\u00fchren. Ihm zufolge handelt es sich um Menschen, deren k\u00f6rperliche Symptome auf emotionale und soziale Probleme hindeuten. Und doch, so sagt er, k\u00f6nnte der Durchschnitt bei 75 Prozent liegen. Dies steht in Dr. Bensons Buch \u201eTimeless Healing\u201c. Er erkl\u00e4rt, dass Emotionen eine viel wichtigere Rolle in unserer Physiologie spielen, als den meisten von uns bewusst ist.<\/p>\n\n\n\n<p>Die Autorin Ellen White schrieb weiteres:<\/p>\n\n\n\n<blockquote class=\"wp-block-quote is-layout-flow wp-block-quote-is-layout-flow\">\n<p>Die \u00c4rzte des Instituts ben\u00f6tigen gro\u00dfe Weisheit, um den K\u00f6rper durch den Geist zu heilen. Aber nur wenige erkennen die Macht, die der Geist \u00fcber den K\u00f6rper hat. Ein gro\u00dfer Teil der Krankheiten, die die Menschheit heimsuchen, hat ihren Ursprung im Geist und kann nur geheilt werden, indem der Geist wieder gesund gemacht wird. Es gibt sehr viel mehr geistig Kranke, als wir uns vorstellen k\u00f6nnen.<a><sup>2)<\/sup><\/a><\/p>\n<\/blockquote>\n\n\n\n<p>Sie stimmt mit den von mir zitierten USP-\u00c4rzten und der Harvard Universit\u00e4t \u00fcberein, wenn sie sagt, dass psychosomatische Erkrankungen weit verbreitet sind:<\/p>\n\n\n\n<blockquote class=\"wp-block-quote is-layout-flow wp-block-quote-is-layout-flow\">\n<p>Vor allem nehmen die Gem\u00fctskrankheiten immer mehr \u00fcberhand. Neun Zehntel all der Gebrechen, an denen die Menschen leiden, haben in ihnen ihren Grund.<a><sup>3)<\/sup><\/a><\/p>\n<\/blockquote>\n\n\n\n<p>Du siehst also, die USP-\u00c4rzte sagen, wenn ein Patient wegen eines k\u00f6rperlichen Symptoms zum Arzt geht, gibt es in 20 bis 84% der F\u00e4lle keine organische Ursache, die seine Beschwerden erkl\u00e4rt. Der Harvard-Kliniker Dr. Benson sagt, dass es im Durchschnitt vielleicht 75% sind, und Ellen White sagt, dass 90% der Krankheiten ihren Ursprung im Geist haben. Es ist interessant, dass die Bibel schon Jahrhunderte vor den wissenschaftlichen Studien zu diesem Thema von Psychosomatik spricht, zum Beispiel im folgendem Text:<\/p>\n\n\n\n<blockquote class=\"wp-block-quote is-layout-flow wp-block-quote-is-layout-flow\">\n<p>Ein fr\u00f6hliches Herz tut dem Leibe wohl; aber ein betr\u00fcbtes Gem\u00fct l\u00e4sst das Gebein verdorren.<\/p>\n\n\n\n<p>Spr\u00fcche 17:22<\/p>\n<\/blockquote>\n\n\n\n<p>Lasst uns nun einige Ideen f\u00fcr den Umgang mit psychosomatischen Krankheiten betrachten. Erstens: Je nachdem, welche Krankheit die Person hat, braucht sie nicht nur eine psychiatrische und psychologische Behandlung, sondern auch eine Behandlung durch andere Spezialisten. Wenn die Person beispielsweise an Darmentz\u00fcndung oder einem Magengeschw\u00fcr leidet, das mit einer Zeit hoher emotionaler Belastung verbunden ist, muss sie auch von einem Gastroenterologen untersucht und begleitet werden.<\/p>\n\n\n\n<figure class=\"wp-block-image\"><img decoding=\"async\" src=\"http:\/\/www.saudeplena.org\/wp-content\/uploads\/sites\/2\/2025\/01\/stomach-720x450.jpg\" alt=\"Ilustration eines Magens\" class=\"wp-image-1000018175\"\/><\/figure>\n\n\n\n<p>Zweitens: Einige psychosomatische Krankheiten sind m\u00f6glicherweise nicht ausreichend heilbar, weil das psychische Leiden schon zu lange andauert, auch bei einer sehr sensiblen Pers\u00f6nlichkeit ohne viele innere Abwehrkr\u00e4fte und ein geschw\u00e4chtes Ich. Mit einer Behandlung und pers\u00f6nlichem Engagement kann die Person jedoch eine gewisse Linderung erfahren. Das nennen wir Terti\u00e4rpr\u00e4vention und das hat auch mit Palliativmedizin zu tun.<\/p>\n\n\n\n<p>Drittens gibt es die Hypochondrie. Hypochondrie ist ein st\u00e4ndiges Gr\u00fcbeln und sich Sorgen machen \u00fcber den eigenen Gesundheitszustand, das von Symptomen begleitet sein kann, die zu keiner bekannten organischen Krankheit passen. Hypochonder haben eine \u00fcbersteigerte k\u00f6rperliche Sensibilit\u00e4t. Etwa 15 Prozent der Hypochonder, die unter Krankheitsmanie leiden, haben auch Panikattacken, weil sie sehr \u00e4ngstlich sind und Schwierigkeiten haben, Beziehungen zu pflegen, in denen sie keine Kontrolle \u00fcber die Situation haben.<\/p>\n\n\n\n<p>Jede physiologische Ver\u00e4nderung, wie, ich wei\u00df nicht, ein Grummeln im Magen, ein schnellerer Herzschlag oder ein pl\u00f6tzlich trockener Mund, wird von Hypochondern als etwas sehr Gef\u00e4hrliches wahrgenommen und interpretiert. Und da es sich bei ihnen um kontrollierende und sehr pessimistische Menschen handelt, denken sie, dass sie vom Tod bedroht sind oder schwerwiegende Folgen haben k\u00f6nnten, nur weil ihr Herz ein wenig schneller schl\u00e4gt, ihr Magen grummelt oder ihr Mund trocken wird. Der Weg nach vorn besteht darin, die Angst zu reduzieren, sich klar zu machen, dass der Verstand dazu neigt, kleine k\u00f6rperliche Anzeichen oder Symptome zu \u00fcberbewerten, und daf\u00fcr zu k\u00e4mpfen, dass tragische Gedanken dich nicht weiter belasten.<\/p>\n\n\n\n<p>K\u00f6rperliche Symptome, die viele psychische Komponenten als Ursache haben, bedeuten, dass unangenehme Gef\u00fchle m\u00f6glicherweise unter den Teppich des Bewusstseins gekehrt wurden. Das bedeutet, dass psychische Konflikte, die die wahren Ursachen f\u00fcr k\u00f6rperliches Leiden sind, angesprochen werden m\u00fcssen. Viele Menschen, die sich nicht geliebt f\u00fchlen, werden oft krank, um die Aufmerksamkeit eines Familienmitglieds zu erregen. Denk mal dar\u00fcber nach.<\/p>\n\n\n\n<p><\/p>\n\n\n\n<p><strong>Referenzen<\/strong><\/p>\n\n\n\n<figure class=\"wp-block-table\"><table class=\"has-fixed-layout\"><tbody><tr><th><a>\u21911<\/a><\/th><td>White, E. G.<em> Intellekt, Charakter und Pers\u00f6nlichkeit<\/em>, Band 1, Seite 74<\/td><\/tr><tr><th><a>\u21912<\/a><\/th><td>White, E. G. <em>Counsels on Health<\/em>, p. 349<\/td><\/tr><tr><th><a>\u21913<\/a><\/th><td>White, E. G.<em> Intellekt, Charakter und Pers\u00f6nlichkeit<\/em>, Band 1, Seite 71.<\/td><\/tr><\/tbody><\/table><\/figure>\n\n\n\n<p><a href=\"https:\/\/doutorcesar.com\/\" target=\"_blank\" rel=\"noreferrer noopener\"><\/a><\/p>\n\n\n\n<p><a href=\"https:\/\/www.ernaehrungaktuell.at\/\" target=\"_blank\" rel=\"noreferrer noopener\"><\/a><\/p>\n\n\n\n<hr class=\"wp-block-separator has-alpha-channel-opacity\"\/>\n\n\n\n<p>Ein Artikel von <a href=\"https:\/\/www.rundumgesund.org\/\" target=\"_blank\" rel=\"noreferrer noopener\">RundumGesund.org<\/a><\/p>\n","protected":false},"excerpt":{"rendered":"<p>Heute m\u00f6chte ich \u00fcber die Tatsache sprechen, dass K\u00f6rper und Geist bei Gesundheit oder Krankheit immer zusammenarbeiten. K\u00f6rper und Gehirn arbeiten immer zusammen, wenn es darum geht, krank oder gesund zu werden. Eine Krankheit, die psychosomatisch genannt wird, ist eine Krankheit, die sich im K\u00f6rper manifestiert, die aber ihren Ursprung im Verstand hat oder an [&hellip;]<\/p>\n","protected":false},"author":1,"featured_media":1805,"comment_status":"closed","ping_status":"open","sticky":false,"template":"","format":"standard","meta":{"footnotes":""},"categories":[6],"tags":[],"class_list":["post-1804","post","type-post","status-publish","format-standard","has-post-thumbnail","hentry","category-mentale-gesundheit"],"yoast_head":"<!-- This site is optimized with the Yoast SEO plugin v26.9 - https:\/\/yoast.com\/product\/yoast-seo-wordpress\/ -->\n<title>Wie der Geist den K\u00f6rper krank macht! - Country Life Gesundheitszentrum Mattersdorferhof<\/title>\n<meta name=\"robots\" content=\"index, follow, max-snippet:-1, max-image-preview:large, max-video-preview:-1\" \/>\n<link rel=\"canonical\" href=\"https:\/\/www.rundumgesund.org\/wie-der-geist-den-koerper-krank-macht\/\" \/>\n<meta property=\"og:locale\" content=\"de_DE\" \/>\n<meta property=\"og:type\" content=\"article\" \/>\n<meta property=\"og:title\" content=\"Wie der Geist den K\u00f6rper krank macht! - Country Life Gesundheitszentrum Mattersdorferhof\" \/>\n<meta property=\"og:description\" content=\"Heute m\u00f6chte ich \u00fcber die Tatsache sprechen, dass K\u00f6rper und Geist bei Gesundheit oder Krankheit immer zusammenarbeiten. K\u00f6rper und Gehirn arbeiten immer zusammen, wenn es darum geht, krank oder gesund zu werden. Eine Krankheit, die psychosomatisch genannt wird, ist eine Krankheit, die sich im K\u00f6rper manifestiert, die aber ihren Ursprung im Verstand hat oder an [&hellip;]\" \/>\n<meta property=\"og:url\" content=\"https:\/\/www.rundumgesund.org\/wie-der-geist-den-koerper-krank-macht\/\" \/>\n<meta property=\"og:site_name\" content=\"Country Life Gesundheitszentrum Mattersdorferhof\" \/>\n<meta property=\"article:published_time\" content=\"2025-06-08T10:00:00+00:00\" \/>\n<meta property=\"article:modified_time\" content=\"2025-06-23T18:27:54+00:00\" \/>\n<meta property=\"og:image\" content=\"https:\/\/www.countrylife.at\/gesundheitszentrum\/wp-content\/uploads\/2025\/06\/blog_geistkoerper.jpg\" \/>\n\t<meta property=\"og:image:width\" content=\"400\" \/>\n\t<meta property=\"og:image:height\" content=\"400\" \/>\n\t<meta property=\"og:image:type\" content=\"image\/jpeg\" \/>\n<meta name=\"author\" content=\"cl\" \/>\n<meta name=\"twitter:card\" content=\"summary_large_image\" \/>\n<meta name=\"twitter:label1\" content=\"Verfasst von\" \/>\n\t<meta name=\"twitter:data1\" content=\"cl\" \/>\n\t<meta name=\"twitter:label2\" content=\"Gesch\u00e4tzte Lesezeit\" \/>\n\t<meta name=\"twitter:data2\" content=\"7\u00a0Minuten\" \/>\n<script type=\"application\/ld+json\" class=\"yoast-schema-graph\">{\"@context\":\"https:\/\/schema.org\",\"@graph\":[{\"@type\":\"Article\",\"@id\":\"https:\/\/www.rundumgesund.org\/wie-der-geist-den-koerper-krank-macht\/#article\",\"isPartOf\":{\"@id\":\"https:\/\/www.countrylife.at\/gesundheitszentrum\/wie-der-geist-den-koerper-krank-macht\/\"},\"author\":{\"name\":\"cl\",\"@id\":\"https:\/\/www.countrylife.at\/gesundheitszentrum\/#\/schema\/person\/f1e346b192d7e9c9a9980940771ab12b\"},\"headline\":\"Wie der Geist den K\u00f6rper krank macht!\",\"datePublished\":\"2025-06-08T10:00:00+00:00\",\"dateModified\":\"2025-06-23T18:27:54+00:00\",\"mainEntityOfPage\":{\"@id\":\"https:\/\/www.countrylife.at\/gesundheitszentrum\/wie-der-geist-den-koerper-krank-macht\/\"},\"wordCount\":1400,\"image\":{\"@id\":\"https:\/\/www.rundumgesund.org\/wie-der-geist-den-koerper-krank-macht\/#primaryimage\"},\"thumbnailUrl\":\"https:\/\/www.countrylife.at\/gesundheitszentrum\/wp-content\/uploads\/2025\/06\/blog_geistkoerper.jpg\",\"articleSection\":[\"Mentale Gesundheit\"],\"inLanguage\":\"de\"},{\"@type\":\"WebPage\",\"@id\":\"https:\/\/www.countrylife.at\/gesundheitszentrum\/wie-der-geist-den-koerper-krank-macht\/\",\"url\":\"https:\/\/www.rundumgesund.org\/wie-der-geist-den-koerper-krank-macht\/\",\"name\":\"Wie der Geist den K\u00f6rper krank macht! - Country Life Gesundheitszentrum Mattersdorferhof\",\"isPartOf\":{\"@id\":\"https:\/\/www.countrylife.at\/gesundheitszentrum\/#website\"},\"primaryImageOfPage\":{\"@id\":\"https:\/\/www.rundumgesund.org\/wie-der-geist-den-koerper-krank-macht\/#primaryimage\"},\"image\":{\"@id\":\"https:\/\/www.rundumgesund.org\/wie-der-geist-den-koerper-krank-macht\/#primaryimage\"},\"thumbnailUrl\":\"https:\/\/www.countrylife.at\/gesundheitszentrum\/wp-content\/uploads\/2025\/06\/blog_geistkoerper.jpg\",\"datePublished\":\"2025-06-08T10:00:00+00:00\",\"dateModified\":\"2025-06-23T18:27:54+00:00\",\"author\":{\"@id\":\"https:\/\/www.countrylife.at\/gesundheitszentrum\/#\/schema\/person\/f1e346b192d7e9c9a9980940771ab12b\"},\"breadcrumb\":{\"@id\":\"https:\/\/www.rundumgesund.org\/wie-der-geist-den-koerper-krank-macht\/#breadcrumb\"},\"inLanguage\":\"de\",\"potentialAction\":[{\"@type\":\"ReadAction\",\"target\":[\"https:\/\/www.rundumgesund.org\/wie-der-geist-den-koerper-krank-macht\/\"]}]},{\"@type\":\"ImageObject\",\"inLanguage\":\"de\",\"@id\":\"https:\/\/www.rundumgesund.org\/wie-der-geist-den-koerper-krank-macht\/#primaryimage\",\"url\":\"https:\/\/www.countrylife.at\/gesundheitszentrum\/wp-content\/uploads\/2025\/06\/blog_geistkoerper.jpg\",\"contentUrl\":\"https:\/\/www.countrylife.at\/gesundheitszentrum\/wp-content\/uploads\/2025\/06\/blog_geistkoerper.jpg\",\"width\":400,\"height\":400},{\"@type\":\"BreadcrumbList\",\"@id\":\"https:\/\/www.rundumgesund.org\/wie-der-geist-den-koerper-krank-macht\/#breadcrumb\",\"itemListElement\":[{\"@type\":\"ListItem\",\"position\":1,\"name\":\"Startseite\",\"item\":\"https:\/\/www.countrylife.at\/gesundheitszentrum\/\"},{\"@type\":\"ListItem\",\"position\":2,\"name\":\"Wie der Geist den K\u00f6rper krank macht!\"}]},{\"@type\":\"WebSite\",\"@id\":\"https:\/\/www.countrylife.at\/gesundheitszentrum\/#website\",\"url\":\"https:\/\/www.countrylife.at\/gesundheitszentrum\/\",\"name\":\"Country Life Gesundheitszentrum Mattersdorferhof\",\"description\":\"Das biblisch-christliche Gesundheitszentrum\",\"potentialAction\":[{\"@type\":\"SearchAction\",\"target\":{\"@type\":\"EntryPoint\",\"urlTemplate\":\"https:\/\/www.countrylife.at\/gesundheitszentrum\/?s={search_term_string}\"},\"query-input\":{\"@type\":\"PropertyValueSpecification\",\"valueRequired\":true,\"valueName\":\"search_term_string\"}}],\"inLanguage\":\"de\"},{\"@type\":\"Person\",\"@id\":\"https:\/\/www.countrylife.at\/gesundheitszentrum\/#\/schema\/person\/f1e346b192d7e9c9a9980940771ab12b\",\"name\":\"cl\",\"image\":{\"@type\":\"ImageObject\",\"inLanguage\":\"de\",\"@id\":\"https:\/\/www.countrylife.at\/gesundheitszentrum\/#\/schema\/person\/image\/\",\"url\":\"https:\/\/secure.gravatar.com\/avatar\/e01d3caf9a9bbff734b8f77763ec1f05f620b2bf72d5f59cf874231ee68e3eb5?s=96&d=mm&r=g\",\"contentUrl\":\"https:\/\/secure.gravatar.com\/avatar\/e01d3caf9a9bbff734b8f77763ec1f05f620b2bf72d5f59cf874231ee68e3eb5?s=96&d=mm&r=g\",\"caption\":\"cl\"},\"sameAs\":[\"http:\/\/www.countrylife.at\/gesundheitszentrum\"],\"url\":\"https:\/\/www.countrylife.at\/gesundheitszentrum\/author\/cl\/\"}]}<\/script>\n<!-- \/ Yoast SEO plugin. -->","yoast_head_json":{"title":"Wie der Geist den K\u00f6rper krank macht! - Country Life Gesundheitszentrum Mattersdorferhof","robots":{"index":"index","follow":"follow","max-snippet":"max-snippet:-1","max-image-preview":"max-image-preview:large","max-video-preview":"max-video-preview:-1"},"canonical":"https:\/\/www.rundumgesund.org\/wie-der-geist-den-koerper-krank-macht\/","og_locale":"de_DE","og_type":"article","og_title":"Wie der Geist den K\u00f6rper krank macht! - Country Life Gesundheitszentrum Mattersdorferhof","og_description":"Heute m\u00f6chte ich \u00fcber die Tatsache sprechen, dass K\u00f6rper und Geist bei Gesundheit oder Krankheit immer zusammenarbeiten. K\u00f6rper und Gehirn arbeiten immer zusammen, wenn es darum geht, krank oder gesund zu werden. Eine Krankheit, die psychosomatisch genannt wird, ist eine Krankheit, die sich im K\u00f6rper manifestiert, die aber ihren Ursprung im Verstand hat oder an [&hellip;]","og_url":"https:\/\/www.rundumgesund.org\/wie-der-geist-den-koerper-krank-macht\/","og_site_name":"Country Life Gesundheitszentrum Mattersdorferhof","article_published_time":"2025-06-08T10:00:00+00:00","article_modified_time":"2025-06-23T18:27:54+00:00","og_image":[{"width":400,"height":400,"url":"https:\/\/www.countrylife.at\/gesundheitszentrum\/wp-content\/uploads\/2025\/06\/blog_geistkoerper.jpg","type":"image\/jpeg"}],"author":"cl","twitter_card":"summary_large_image","twitter_misc":{"Verfasst von":"cl","Gesch\u00e4tzte Lesezeit":"7\u00a0Minuten"},"schema":{"@context":"https:\/\/schema.org","@graph":[{"@type":"Article","@id":"https:\/\/www.rundumgesund.org\/wie-der-geist-den-koerper-krank-macht\/#article","isPartOf":{"@id":"https:\/\/www.countrylife.at\/gesundheitszentrum\/wie-der-geist-den-koerper-krank-macht\/"},"author":{"name":"cl","@id":"https:\/\/www.countrylife.at\/gesundheitszentrum\/#\/schema\/person\/f1e346b192d7e9c9a9980940771ab12b"},"headline":"Wie der Geist den K\u00f6rper krank macht!","datePublished":"2025-06-08T10:00:00+00:00","dateModified":"2025-06-23T18:27:54+00:00","mainEntityOfPage":{"@id":"https:\/\/www.countrylife.at\/gesundheitszentrum\/wie-der-geist-den-koerper-krank-macht\/"},"wordCount":1400,"image":{"@id":"https:\/\/www.rundumgesund.org\/wie-der-geist-den-koerper-krank-macht\/#primaryimage"},"thumbnailUrl":"https:\/\/www.countrylife.at\/gesundheitszentrum\/wp-content\/uploads\/2025\/06\/blog_geistkoerper.jpg","articleSection":["Mentale Gesundheit"],"inLanguage":"de"},{"@type":"WebPage","@id":"https:\/\/www.countrylife.at\/gesundheitszentrum\/wie-der-geist-den-koerper-krank-macht\/","url":"https:\/\/www.rundumgesund.org\/wie-der-geist-den-koerper-krank-macht\/","name":"Wie der Geist den K\u00f6rper krank macht! - Country Life Gesundheitszentrum Mattersdorferhof","isPartOf":{"@id":"https:\/\/www.countrylife.at\/gesundheitszentrum\/#website"},"primaryImageOfPage":{"@id":"https:\/\/www.rundumgesund.org\/wie-der-geist-den-koerper-krank-macht\/#primaryimage"},"image":{"@id":"https:\/\/www.rundumgesund.org\/wie-der-geist-den-koerper-krank-macht\/#primaryimage"},"thumbnailUrl":"https:\/\/www.countrylife.at\/gesundheitszentrum\/wp-content\/uploads\/2025\/06\/blog_geistkoerper.jpg","datePublished":"2025-06-08T10:00:00+00:00","dateModified":"2025-06-23T18:27:54+00:00","author":{"@id":"https:\/\/www.countrylife.at\/gesundheitszentrum\/#\/schema\/person\/f1e346b192d7e9c9a9980940771ab12b"},"breadcrumb":{"@id":"https:\/\/www.rundumgesund.org\/wie-der-geist-den-koerper-krank-macht\/#breadcrumb"},"inLanguage":"de","potentialAction":[{"@type":"ReadAction","target":["https:\/\/www.rundumgesund.org\/wie-der-geist-den-koerper-krank-macht\/"]}]},{"@type":"ImageObject","inLanguage":"de","@id":"https:\/\/www.rundumgesund.org\/wie-der-geist-den-koerper-krank-macht\/#primaryimage","url":"https:\/\/www.countrylife.at\/gesundheitszentrum\/wp-content\/uploads\/2025\/06\/blog_geistkoerper.jpg","contentUrl":"https:\/\/www.countrylife.at\/gesundheitszentrum\/wp-content\/uploads\/2025\/06\/blog_geistkoerper.jpg","width":400,"height":400},{"@type":"BreadcrumbList","@id":"https:\/\/www.rundumgesund.org\/wie-der-geist-den-koerper-krank-macht\/#breadcrumb","itemListElement":[{"@type":"ListItem","position":1,"name":"Startseite","item":"https:\/\/www.countrylife.at\/gesundheitszentrum\/"},{"@type":"ListItem","position":2,"name":"Wie der Geist den K\u00f6rper krank macht!"}]},{"@type":"WebSite","@id":"https:\/\/www.countrylife.at\/gesundheitszentrum\/#website","url":"https:\/\/www.countrylife.at\/gesundheitszentrum\/","name":"Country Life Gesundheitszentrum Mattersdorferhof","description":"Das biblisch-christliche Gesundheitszentrum","potentialAction":[{"@type":"SearchAction","target":{"@type":"EntryPoint","urlTemplate":"https:\/\/www.countrylife.at\/gesundheitszentrum\/?s={search_term_string}"},"query-input":{"@type":"PropertyValueSpecification","valueRequired":true,"valueName":"search_term_string"}}],"inLanguage":"de"},{"@type":"Person","@id":"https:\/\/www.countrylife.at\/gesundheitszentrum\/#\/schema\/person\/f1e346b192d7e9c9a9980940771ab12b","name":"cl","image":{"@type":"ImageObject","inLanguage":"de","@id":"https:\/\/www.countrylife.at\/gesundheitszentrum\/#\/schema\/person\/image\/","url":"https:\/\/secure.gravatar.com\/avatar\/e01d3caf9a9bbff734b8f77763ec1f05f620b2bf72d5f59cf874231ee68e3eb5?s=96&d=mm&r=g","contentUrl":"https:\/\/secure.gravatar.com\/avatar\/e01d3caf9a9bbff734b8f77763ec1f05f620b2bf72d5f59cf874231ee68e3eb5?s=96&d=mm&r=g","caption":"cl"},"sameAs":["http:\/\/www.countrylife.at\/gesundheitszentrum"],"url":"https:\/\/www.countrylife.at\/gesundheitszentrum\/author\/cl\/"}]}},"_links":{"self":[{"href":"https:\/\/www.countrylife.at\/gesundheitszentrum\/wp-json\/wp\/v2\/posts\/1804","targetHints":{"allow":["GET"]}}],"collection":[{"href":"https:\/\/www.countrylife.at\/gesundheitszentrum\/wp-json\/wp\/v2\/posts"}],"about":[{"href":"https:\/\/www.countrylife.at\/gesundheitszentrum\/wp-json\/wp\/v2\/types\/post"}],"author":[{"embeddable":true,"href":"https:\/\/www.countrylife.at\/gesundheitszentrum\/wp-json\/wp\/v2\/users\/1"}],"replies":[{"embeddable":true,"href":"https:\/\/www.countrylife.at\/gesundheitszentrum\/wp-json\/wp\/v2\/comments?post=1804"}],"version-history":[{"count":2,"href":"https:\/\/www.countrylife.at\/gesundheitszentrum\/wp-json\/wp\/v2\/posts\/1804\/revisions"}],"predecessor-version":[{"id":1810,"href":"https:\/\/www.countrylife.at\/gesundheitszentrum\/wp-json\/wp\/v2\/posts\/1804\/revisions\/1810"}],"wp:featuredmedia":[{"embeddable":true,"href":"https:\/\/www.countrylife.at\/gesundheitszentrum\/wp-json\/wp\/v2\/media\/1805"}],"wp:attachment":[{"href":"https:\/\/www.countrylife.at\/gesundheitszentrum\/wp-json\/wp\/v2\/media?parent=1804"}],"wp:term":[{"taxonomy":"category","embeddable":true,"href":"https:\/\/www.countrylife.at\/gesundheitszentrum\/wp-json\/wp\/v2\/categories?post=1804"},{"taxonomy":"post_tag","embeddable":true,"href":"https:\/\/www.countrylife.at\/gesundheitszentrum\/wp-json\/wp\/v2\/tags?post=1804"}],"curies":[{"name":"wp","href":"https:\/\/api.w.org\/{rel}","templated":true}]}}